{"id":118,"date":"2015-01-14T10:00:39","date_gmt":"2015-01-14T09:00:39","guid":{"rendered":"http:\/\/mvscada.com\/public\/?p=118"},"modified":"2015-01-12T08:22:41","modified_gmt":"2015-01-12T07:22:41","slug":"charla-a-alumnos-del-ies-la-merced","status":"publish","type":"post","link":"https:\/\/mvscada.com\/public\/charla-a-alumnos-del-ies-la-merced\/","title":{"rendered":"Charla a alumnos del IES La Merced"},"content":{"rendered":"<p>En Diciembre los amigos del <a href=\"http:\/\/ieslamerced.centros.educa.jcyl.es\/sitio\/\" target=\"_blank\">IES La Merced de Valladolid<\/a> nos invitaron a dar una charla en su instituto a alumnos de distintos ciclos formativos. <!--more--><\/p>\n<p>Nosotros, encantados all\u00ed acudimos para hablarles de emprendimiento, de la situaci\u00f3n del mercado laboral en nuestra ciudad [Valladolid] y en el sector de las energ\u00edas renovables. Tambi\u00e9n les contamos un resumen de c\u00f3mo creamos MVScada y c\u00f3mo funciona, adem\u00e1s de los otros trabajos que hacemos.<\/p>\n<p>Si est\u00e1is interesados pod\u00e9is descargar la presentaci\u00f3n en el siguiente enlace: <a href=\"http:\/\/mvscada.com\/public\/wp-content\/uploads\/2015\/01\/CHARLA-IES_LA_MERCED.pdf\">Presentaci\u00f3n charla IES La Merced &#8211; Diciembre 2014<\/a>.<\/p>\n<p>&nbsp;<\/p>\n\n\t\t<style type=\"text\/css\">\n\t\t\t#gallery-1 {\n\t\t\t\tmargin: auto;\n\t\t\t}\n\t\t\t#gallery-1 .gallery-item {\n\t\t\t\tfloat: left;\n\t\t\t\tmargin-top: 10px;\n\t\t\t\ttext-align: center;\n\t\t\t\twidth: 33%;\n\t\t\t}\n\t\t\t#gallery-1 img {\n\t\t\t\tborder: 2px solid #cfcfcf;\n\t\t\t}\n\t\t\t#gallery-1 .gallery-caption {\n\t\t\t\tmargin-left: 0;\n\t\t\t}\n\t\t\t\/* see gallery_shortcode() in wp-includes\/media.php *\/\n\t\t<\/style>\n\t\t<div id='gallery-1' class='gallery galleryid-118 gallery-columns-3 gallery-size-medium'><dl class='gallery-item'>\n\t\t\t<dt class='gallery-icon landscape'>\n\t\t\t\t<a href='https:\/\/mvscada.com\/public\/wp-content\/uploads\/2015\/01\/cartel-mvscada.jpg'><img loading=\"lazy\" decoding=\"async\" width=\"300\" height=\"225\" src=\"https:\/\/mvscada.com\/public\/wp-content\/uploads\/2015\/01\/cartel-mvscada-300x225.jpg\" class=\"attachment-medium size-medium\" alt=\"\" aria-describedby=\"gallery-1-122\" srcset=\"https:\/\/mvscada.com\/public\/wp-content\/uploads\/2015\/01\/cartel-mvscada-300x225.jpg 300w, https:\/\/mvscada.com\/public\/wp-content\/uploads\/2015\/01\/cartel-mvscada.jpg 1000w\" sizes=\"auto, (max-width: 300px) 100vw, 300px\" \/><\/a>\n\t\t\t<\/dt>\n\t\t\t\t<dd class='wp-caption-text gallery-caption' id='gallery-1-122'>\n\t\t\t\tCartel de la charla\n\t\t\t\t<\/dd><\/dl><dl class='gallery-item'>\n\t\t\t<dt class='gallery-icon landscape'>\n\t\t\t\t<a href='https:\/\/mvscada.com\/public\/wp-content\/uploads\/2015\/01\/2014-12-16-12.32.48.jpg'><img loading=\"lazy\" decoding=\"async\" width=\"300\" height=\"169\" src=\"https:\/\/mvscada.com\/public\/wp-content\/uploads\/2015\/01\/2014-12-16-12.32.48-300x169.jpg\" class=\"attachment-medium size-medium\" alt=\"\" aria-describedby=\"gallery-1-120\" srcset=\"https:\/\/mvscada.com\/public\/wp-content\/uploads\/2015\/01\/2014-12-16-12.32.48-300x169.jpg 300w, https:\/\/mvscada.com\/public\/wp-content\/uploads\/2015\/01\/2014-12-16-12.32.48-1024x576.jpg 1024w\" sizes=\"auto, (max-width: 300px) 100vw, 300px\" \/><\/a>\n\t\t\t<\/dt>\n\t\t\t\t<dd class='wp-caption-text gallery-caption' id='gallery-1-120'>\n\t\t\t\tLa presentaci\u00f3n en el proyector\n\t\t\t\t<\/dd><\/dl><dl class='gallery-item'>\n\t\t\t<dt class='gallery-icon landscape'>\n\t\t\t\t<a href='https:\/\/mvscada.com\/public\/wp-content\/uploads\/2015\/01\/2014-12-16-12.34.33.jpg'><img loading=\"lazy\" decoding=\"async\" width=\"300\" height=\"169\" src=\"https:\/\/mvscada.com\/public\/wp-content\/uploads\/2015\/01\/2014-12-16-12.34.33-300x169.jpg\" class=\"attachment-medium size-medium\" alt=\"\" aria-describedby=\"gallery-1-121\" srcset=\"https:\/\/mvscada.com\/public\/wp-content\/uploads\/2015\/01\/2014-12-16-12.34.33-300x169.jpg 300w, https:\/\/mvscada.com\/public\/wp-content\/uploads\/2015\/01\/2014-12-16-12.34.33-1024x576.jpg 1024w\" sizes=\"auto, (max-width: 300px) 100vw, 300px\" \/><\/a>\n\t\t\t<\/dt>\n\t\t\t\t<dd class='wp-caption-text gallery-caption' id='gallery-1-121'>\n\t\t\t\tMario explicando como encontrar aver\u00edas\n\t\t\t\t<\/dd><\/dl><br style=\"clear: both\" \/><dl class='gallery-item'>\n\t\t\t<dt class='gallery-icon landscape'>\n\t\t\t\t<a href='https:\/\/mvscada.com\/public\/wp-content\/uploads\/2015\/01\/la-foto-5.jpg'><img loading=\"lazy\" decoding=\"async\" width=\"300\" height=\"300\" src=\"https:\/\/mvscada.com\/public\/wp-content\/uploads\/2015\/01\/la-foto-5-300x300.jpg\" class=\"attachment-medium size-medium\" alt=\"\" aria-describedby=\"gallery-1-133\" srcset=\"https:\/\/mvscada.com\/public\/wp-content\/uploads\/2015\/01\/la-foto-5-300x300.jpg 300w, https:\/\/mvscada.com\/public\/wp-content\/uploads\/2015\/01\/la-foto-5-150x150.jpg 150w, https:\/\/mvscada.com\/public\/wp-content\/uploads\/2015\/01\/la-foto-5-1024x1024.jpg 1024w, https:\/\/mvscada.com\/public\/wp-content\/uploads\/2015\/01\/la-foto-5.jpg 1936w\" sizes=\"auto, (max-width: 300px) 100vw, 300px\" \/><\/a>\n\t\t\t<\/dt>\n\t\t\t\t<dd class='wp-caption-text gallery-caption' id='gallery-1-133'>\n\t\t\t\tMarcos explicando qu\u00e9 hacemos en MVScada\n\t\t\t\t<\/dd><\/dl>\n\t\t\t<br style='clear: both' \/>\n\t\t<\/div>\n\n","protected":false},"excerpt":{"rendered":"<p>En Diciembre los amigos del IES La Merced de Valladolid nos invitaron a dar una charla en su instituto a alumnos de distintos ciclos formativos.<\/p>\n","protected":false},"author":1,"featured_media":0,"comment_status":"closed","ping_status":"closed","sticky":false,"template":"","format":"standard","meta":{"footnotes":""},"categories":[3],"tags":[45,16,47,35,44,15,39,46,17,33],"class_list":["post-118","post","type-post","status-publish","format-standard","hentry","category-blog","tag-charla","tag-control","tag-emprendimiento","tag-fotovoltaica","tag-instituto","tag-megavatio","tag-monitorizacion","tag-ponencia","tag-scada","tag-valladolid"],"yoast_head":"<!-- This site is optimized with the Yoast SEO plugin v27.5 - https:\/\/yoast.com\/product\/yoast-seo-wordpress\/ -->\n<title>Charla a alumnos del IES La Merced - MVScada<\/title>\n<meta name=\"robots\" content=\"index, follow, max-snippet:-1, max-image-preview:large, max-video-preview:-1\" \/>\n<link rel=\"canonical\" href=\"https:\/\/mvscada.com\/public\/charla-a-alumnos-del-ies-la-merced\/\" \/>\n<meta property=\"og:locale\" content=\"es_ES\" \/>\n<meta property=\"og:type\" content=\"article\" \/>\n<meta property=\"og:title\" content=\"Charla a alumnos del IES La Merced - MVScada\" \/>\n<meta property=\"og:description\" content=\"En Diciembre los amigos del IES La Merced de Valladolid nos invitaron a dar una charla en su instituto a alumnos de distintos ciclos formativos.\" \/>\n<meta property=\"og:url\" content=\"https:\/\/mvscada.com\/public\/charla-a-alumnos-del-ies-la-merced\/\" \/>\n<meta property=\"og:site_name\" content=\"MVScada\" \/>\n<meta property=\"article:published_time\" content=\"2015-01-14T09:00:39+00:00\" \/>\n<meta property=\"og:image\" content=\"https:\/\/mvscada.com\/public\/wp-content\/uploads\/2015\/01\/cartel-mvscada-300x225.jpg\" \/>\n<meta name=\"author\" content=\"Mario\" \/>\n<meta name=\"twitter:card\" content=\"summary_large_image\" \/>\n<meta name=\"twitter:label1\" content=\"Escrito por\" \/>\n\t<meta name=\"twitter:data1\" content=\"Mario\" \/>\n\t<meta name=\"twitter:label2\" content=\"Tiempo de lectura\" \/>\n\t<meta name=\"twitter:data2\" content=\"1 minuto\" \/>\n<script type=\"application\/ld+json\" class=\"yoast-schema-graph\">{\"@context\":\"https:\\\/\\\/schema.org\",\"@graph\":[{\"@type\":\"Article\",\"@id\":\"https:\\\/\\\/mvscada.com\\\/public\\\/charla-a-alumnos-del-ies-la-merced\\\/#article\",\"isPartOf\":{\"@id\":\"https:\\\/\\\/mvscada.com\\\/public\\\/charla-a-alumnos-del-ies-la-merced\\\/\"},\"author\":{\"name\":\"Mario\",\"@id\":\"https:\\\/\\\/mvscada.com\\\/public\\\/#\\\/schema\\\/person\\\/259fc6a027eb2d7c48acce91ddfb0f1e\"},\"headline\":\"Charla a alumnos del IES La Merced\",\"datePublished\":\"2015-01-14T09:00:39+00:00\",\"mainEntityOfPage\":{\"@id\":\"https:\\\/\\\/mvscada.com\\\/public\\\/charla-a-alumnos-del-ies-la-merced\\\/\"},\"wordCount\":112,\"publisher\":{\"@id\":\"https:\\\/\\\/mvscada.com\\\/public\\\/#organization\"},\"keywords\":[\"charla\",\"control\",\"emprendimiento\",\"fotovoltaica\",\"instituto\",\"megavatio\",\"monitorizaci\u00f3n\",\"ponencia\",\"scada\",\"valladolid\"],\"articleSection\":[\"blog\"],\"inLanguage\":\"es\"},{\"@type\":\"WebPage\",\"@id\":\"https:\\\/\\\/mvscada.com\\\/public\\\/charla-a-alumnos-del-ies-la-merced\\\/\",\"url\":\"https:\\\/\\\/mvscada.com\\\/public\\\/charla-a-alumnos-del-ies-la-merced\\\/\",\"name\":\"Charla a alumnos del IES La Merced - MVScada\",\"isPartOf\":{\"@id\":\"https:\\\/\\\/mvscada.com\\\/public\\\/#website\"},\"datePublished\":\"2015-01-14T09:00:39+00:00\",\"breadcrumb\":{\"@id\":\"https:\\\/\\\/mvscada.com\\\/public\\\/charla-a-alumnos-del-ies-la-merced\\\/#breadcrumb\"},\"inLanguage\":\"es\",\"potentialAction\":[{\"@type\":\"ReadAction\",\"target\":[\"https:\\\/\\\/mvscada.com\\\/public\\\/charla-a-alumnos-del-ies-la-merced\\\/\"]}]},{\"@type\":\"BreadcrumbList\",\"@id\":\"https:\\\/\\\/mvscada.com\\\/public\\\/charla-a-alumnos-del-ies-la-merced\\\/#breadcrumb\",\"itemListElement\":[{\"@type\":\"ListItem\",\"position\":1,\"name\":\"Portada\",\"item\":\"https:\\\/\\\/mvscada.com\\\/public\\\/\"},{\"@type\":\"ListItem\",\"position\":2,\"name\":\"Charla a alumnos del IES La Merced\"}]},{\"@type\":\"WebSite\",\"@id\":\"https:\\\/\\\/mvscada.com\\\/public\\\/#website\",\"url\":\"https:\\\/\\\/mvscada.com\\\/public\\\/\",\"name\":\"MVScada\",\"description\":\"Monitorizaci\u00f3n, control y gesti\u00f3n de instalaciones solares fotovoltaicas\",\"publisher\":{\"@id\":\"https:\\\/\\\/mvscada.com\\\/public\\\/#organization\"},\"potentialAction\":[{\"@type\":\"SearchAction\",\"target\":{\"@type\":\"EntryPoint\",\"urlTemplate\":\"https:\\\/\\\/mvscada.com\\\/public\\\/?s={search_term_string}\"},\"query-input\":{\"@type\":\"PropertyValueSpecification\",\"valueRequired\":true,\"valueName\":\"search_term_string\"}}],\"inLanguage\":\"es\"},{\"@type\":\"Organization\",\"@id\":\"https:\\\/\\\/mvscada.com\\\/public\\\/#organization\",\"name\":\"Megavatio Proyectos S.L.\",\"url\":\"https:\\\/\\\/mvscada.com\\\/public\\\/\",\"logo\":{\"@type\":\"ImageObject\",\"inLanguage\":\"es\",\"@id\":\"https:\\\/\\\/mvscada.com\\\/public\\\/#\\\/schema\\\/logo\\\/image\\\/\",\"url\":\"https:\\\/\\\/mvscada.com\\\/public\\\/wp-content\\\/uploads\\\/2021\\\/11\\\/cropped-cropped-Logo_web.png\",\"contentUrl\":\"https:\\\/\\\/mvscada.com\\\/public\\\/wp-content\\\/uploads\\\/2021\\\/11\\\/cropped-cropped-Logo_web.png\",\"width\":3281,\"height\":1064,\"caption\":\"Megavatio Proyectos S.L.\"},\"image\":{\"@id\":\"https:\\\/\\\/mvscada.com\\\/public\\\/#\\\/schema\\\/logo\\\/image\\\/\"}},{\"@type\":\"Person\",\"@id\":\"https:\\\/\\\/mvscada.com\\\/public\\\/#\\\/schema\\\/person\\\/259fc6a027eb2d7c48acce91ddfb0f1e\",\"name\":\"Mario\",\"description\":\"01001000 01100101 01101100 01101100 01101111 00100000 01110111 01101111 01110010 01101100 01100100\",\"url\":\"https:\\\/\\\/mvscada.com\\\/public\\\/author\\\/mario\\\/\"}]}<\/script>\n<!-- \/ Yoast SEO plugin. -->","yoast_head_json":{"title":"Charla a alumnos del IES La Merced - MVScada","robots":{"index":"index","follow":"follow","max-snippet":"max-snippet:-1","max-image-preview":"max-image-preview:large","max-video-preview":"max-video-preview:-1"},"canonical":"https:\/\/mvscada.com\/public\/charla-a-alumnos-del-ies-la-merced\/","og_locale":"es_ES","og_type":"article","og_title":"Charla a alumnos del IES La Merced - MVScada","og_description":"En Diciembre los amigos del IES La Merced de Valladolid nos invitaron a dar una charla en su instituto a alumnos de distintos ciclos formativos.","og_url":"https:\/\/mvscada.com\/public\/charla-a-alumnos-del-ies-la-merced\/","og_site_name":"MVScada","article_published_time":"2015-01-14T09:00:39+00:00","og_image":[{"url":"https:\/\/mvscada.com\/public\/wp-content\/uploads\/2015\/01\/cartel-mvscada-300x225.jpg","type":"","width":"","height":""}],"author":"Mario","twitter_card":"summary_large_image","twitter_misc":{"Escrito por":"Mario","Tiempo de lectura":"1 minuto"},"schema":{"@context":"https:\/\/schema.org","@graph":[{"@type":"Article","@id":"https:\/\/mvscada.com\/public\/charla-a-alumnos-del-ies-la-merced\/#article","isPartOf":{"@id":"https:\/\/mvscada.com\/public\/charla-a-alumnos-del-ies-la-merced\/"},"author":{"name":"Mario","@id":"https:\/\/mvscada.com\/public\/#\/schema\/person\/259fc6a027eb2d7c48acce91ddfb0f1e"},"headline":"Charla a alumnos del IES La Merced","datePublished":"2015-01-14T09:00:39+00:00","mainEntityOfPage":{"@id":"https:\/\/mvscada.com\/public\/charla-a-alumnos-del-ies-la-merced\/"},"wordCount":112,"publisher":{"@id":"https:\/\/mvscada.com\/public\/#organization"},"keywords":["charla","control","emprendimiento","fotovoltaica","instituto","megavatio","monitorizaci\u00f3n","ponencia","scada","valladolid"],"articleSection":["blog"],"inLanguage":"es"},{"@type":"WebPage","@id":"https:\/\/mvscada.com\/public\/charla-a-alumnos-del-ies-la-merced\/","url":"https:\/\/mvscada.com\/public\/charla-a-alumnos-del-ies-la-merced\/","name":"Charla a alumnos del IES La Merced - MVScada","isPartOf":{"@id":"https:\/\/mvscada.com\/public\/#website"},"datePublished":"2015-01-14T09:00:39+00:00","breadcrumb":{"@id":"https:\/\/mvscada.com\/public\/charla-a-alumnos-del-ies-la-merced\/#breadcrumb"},"inLanguage":"es","potentialAction":[{"@type":"ReadAction","target":["https:\/\/mvscada.com\/public\/charla-a-alumnos-del-ies-la-merced\/"]}]},{"@type":"BreadcrumbList","@id":"https:\/\/mvscada.com\/public\/charla-a-alumnos-del-ies-la-merced\/#breadcrumb","itemListElement":[{"@type":"ListItem","position":1,"name":"Portada","item":"https:\/\/mvscada.com\/public\/"},{"@type":"ListItem","position":2,"name":"Charla a alumnos del IES La Merced"}]},{"@type":"WebSite","@id":"https:\/\/mvscada.com\/public\/#website","url":"https:\/\/mvscada.com\/public\/","name":"MVScada","description":"Monitorizaci\u00f3n, control y gesti\u00f3n de instalaciones solares fotovoltaicas","publisher":{"@id":"https:\/\/mvscada.com\/public\/#organization"},"potentialAction":[{"@type":"SearchAction","target":{"@type":"EntryPoint","urlTemplate":"https:\/\/mvscada.com\/public\/?s={search_term_string}"},"query-input":{"@type":"PropertyValueSpecification","valueRequired":true,"valueName":"search_term_string"}}],"inLanguage":"es"},{"@type":"Organization","@id":"https:\/\/mvscada.com\/public\/#organization","name":"Megavatio Proyectos S.L.","url":"https:\/\/mvscada.com\/public\/","logo":{"@type":"ImageObject","inLanguage":"es","@id":"https:\/\/mvscada.com\/public\/#\/schema\/logo\/image\/","url":"https:\/\/mvscada.com\/public\/wp-content\/uploads\/2021\/11\/cropped-cropped-Logo_web.png","contentUrl":"https:\/\/mvscada.com\/public\/wp-content\/uploads\/2021\/11\/cropped-cropped-Logo_web.png","width":3281,"height":1064,"caption":"Megavatio Proyectos S.L."},"image":{"@id":"https:\/\/mvscada.com\/public\/#\/schema\/logo\/image\/"}},{"@type":"Person","@id":"https:\/\/mvscada.com\/public\/#\/schema\/person\/259fc6a027eb2d7c48acce91ddfb0f1e","name":"Mario","description":"01001000 01100101 01101100 01101100 01101111 00100000 01110111 01101111 01110010 01101100 01100100","url":"https:\/\/mvscada.com\/public\/author\/mario\/"}]}},"_links":{"self":[{"href":"https:\/\/mvscada.com\/public\/wp-json\/wp\/v2\/posts\/118","targetHints":{"allow":["GET"]}}],"collection":[{"href":"https:\/\/mvscada.com\/public\/wp-json\/wp\/v2\/posts"}],"about":[{"href":"https:\/\/mvscada.com\/public\/wp-json\/wp\/v2\/types\/post"}],"author":[{"embeddable":true,"href":"https:\/\/mvscada.com\/public\/wp-json\/wp\/v2\/users\/1"}],"replies":[{"embeddable":true,"href":"https:\/\/mvscada.com\/public\/wp-json\/wp\/v2\/comments?post=118"}],"version-history":[{"count":4,"href":"https:\/\/mvscada.com\/public\/wp-json\/wp\/v2\/posts\/118\/revisions"}],"predecessor-version":[{"id":135,"href":"https:\/\/mvscada.com\/public\/wp-json\/wp\/v2\/posts\/118\/revisions\/135"}],"wp:attachment":[{"href":"https:\/\/mvscada.com\/public\/wp-json\/wp\/v2\/media?parent=118"}],"wp:term":[{"taxonomy":"category","embeddable":true,"href":"https:\/\/mvscada.com\/public\/wp-json\/wp\/v2\/categories?post=118"},{"taxonomy":"post_tag","embeddable":true,"href":"https:\/\/mvscada.com\/public\/wp-json\/wp\/v2\/tags?post=118"}],"curies":[{"name":"wp","href":"https:\/\/api.w.org\/{rel}","templated":true}]}}