{"id":209,"date":"2015-03-20T21:02:23","date_gmt":"2015-03-20T20:02:23","guid":{"rendered":"http:\/\/mvscada.com\/public\/?p=209"},"modified":"2015-06-05T17:57:34","modified_gmt":"2015-06-05T15:57:34","slug":"el-eclipse-solar-visto-desde-un-contador-de-una-planta-solar","status":"publish","type":"post","link":"https:\/\/mvscada.com\/public\/el-eclipse-solar-visto-desde-un-contador-de-una-planta-solar\/","title":{"rendered":"El eclipse solar visto desde un contador de una planta solar"},"content":{"rendered":"<p>Hab\u00eda <a href=\"https:\/\/www.google.es\/search?q=eclipse+solar+renovables\">algunas dudas<\/a> sobre c\u00f3mo puede afectar un eclipse solar en la redes el\u00e9ctricas debido a una disminuci\u00f3n no habitual de producci\u00f3n.<\/p>\n<p>Desde <a href=\"https:\/\/mvscada.com\">MVScada<\/a> vamos a verlo con datos, hemos examinado los cuarto horarios de una planta solar situada en la provincia de Salamanca de 1 MW (de su totalizador por ser m\u00e1s concretos)<\/p>\n<p><!--more--><\/p>\n<p>Esta primera imagen es la curva de lecturas cuarto horaria del d\u00eda del eclipse (20 de Marzo de 2015), se ve muy claramente que la curva crece hasta las 09:00 AM, donde empiezan los efectos del eclipse, disminuye hasta un m\u00ednimo a las 10:15 AM y vuelve a ascender (de una manera irregular ya que adem\u00e1s de eclipse estaba algo nublado) hasta las 11:30 AM donde vuelve a los niveles normales del d\u00eda.<\/p>\n<div id=\"attachment_210\" style=\"width: 430px\" class=\"wp-caption aligncenter\"><a href=\"https:\/\/mvscada.com\/public\/wp-content\/uploads\/2015\/03\/eclipse_planta_solar.png\"><img loading=\"lazy\" decoding=\"async\" aria-describedby=\"caption-attachment-210\" class=\"wp-image-210 size-full\" src=\"https:\/\/mvscada.com\/public\/wp-content\/uploads\/2015\/03\/eclipse_planta_solar.png\" alt=\"eclipse_planta_solar\" width=\"420\" height=\"470\" srcset=\"https:\/\/mvscada.com\/public\/wp-content\/uploads\/2015\/03\/eclipse_planta_solar.png 420w, https:\/\/mvscada.com\/public\/wp-content\/uploads\/2015\/03\/eclipse_planta_solar-268x300.png 268w\" sizes=\"auto, (max-width: 420px) 100vw, 420px\" \/><\/a><p id=\"caption-attachment-210\" class=\"wp-caption-text\">Curva cuarto horaria de una planta de 1 MW del d\u00eda 20 de Marzo de 2015<\/p><\/div>\n<p>Esta segunda gr\u00e1fica es de un d\u00eda normal (16 de Marzo de 2015) y aunque estuvo menos nublado y la producci\u00f3n fue mayor, se ve una campana casi perfecta.<\/p>\n<div id=\"attachment_215\" style=\"width: 334px\" class=\"wp-caption aligncenter\"><a href=\"https:\/\/mvscada.com\/public\/wp-content\/uploads\/2015\/03\/planta_solar_sin_eclipse.png\"><img loading=\"lazy\" decoding=\"async\" aria-describedby=\"caption-attachment-215\" class=\"wp-image-215 size-full\" src=\"https:\/\/mvscada.com\/public\/wp-content\/uploads\/2015\/03\/planta_solar_sin_eclipse.png\" alt=\"planta_solar_sin_eclipse\" width=\"324\" height=\"563\" srcset=\"https:\/\/mvscada.com\/public\/wp-content\/uploads\/2015\/03\/planta_solar_sin_eclipse.png 324w, https:\/\/mvscada.com\/public\/wp-content\/uploads\/2015\/03\/planta_solar_sin_eclipse-173x300.png 173w\" sizes=\"auto, (max-width: 324px) 100vw, 324px\" \/><\/a><p id=\"caption-attachment-215\" class=\"wp-caption-text\">Curva cuarto horaria de un d\u00eda sin eclipse<\/p><\/div>\n<p>Un c\u00e1lculo aproximado, midiendo el \u00e1rea de la curva y una posible curva sin el efecto del eclipse revela una <strong>disminuci\u00f3n de entre un 15% o un 20%<\/strong> en la producci\u00f3n del d\u00eda, parece que no es tanto como para temer por las redes el\u00e9ctricas.<\/p>\n<p>Comparando un d\u00eda climatol\u00f3gicamente adverso (nublado y en invierno) con la producci\u00f3n con un d\u00eda de verano despejado tenemos una relaci\u00f3n de casi 1:3 o lo que es lo mismo en invierno se genera un 33% la energ\u00eda que se genera en verano, por lo que no parece muy arriesgado asegurar que un eclipse afecta mucho menos que las condiciones climatol\u00f3gicas y adem\u00e1s es predecible (a muy largo plazo).<\/p>\n<p>Como bonus, esta es la gr\u00e1fica de <a href=\"https:\/\/demanda.ree.es\/movil\/peninsula\/demanda\/total\">demanda en tiempo real de REE<\/a>,y se aprecia en el gr\u00e1fico rosa una curva muy parecida a la de nuestro contador, en la curva de la demanda no parece que haya diferencias entre la real, provista y programada m\u00e1s all\u00e1 de los normales.<\/p>\n<p>&nbsp;<\/p>\n<div id=\"attachment_228\" style=\"width: 560px\" class=\"wp-caption aligncenter\"><a href=\"https:\/\/mvscada.com\/public\/wp-content\/uploads\/2015\/03\/demanda_ree_eclipse.png\"><img loading=\"lazy\" decoding=\"async\" aria-describedby=\"caption-attachment-228\" class=\"wp-image-228 size-large\" src=\"https:\/\/mvscada.com\/public\/wp-content\/uploads\/2015\/03\/demanda_ree_eclipse-1024x529.png\" alt=\"demanda_ree_eclipse\" width=\"550\" height=\"284\" srcset=\"https:\/\/mvscada.com\/public\/wp-content\/uploads\/2015\/03\/demanda_ree_eclipse-1024x529.png 1024w, https:\/\/mvscada.com\/public\/wp-content\/uploads\/2015\/03\/demanda_ree_eclipse-300x155.png 300w, https:\/\/mvscada.com\/public\/wp-content\/uploads\/2015\/03\/demanda_ree_eclipse.png 1650w\" sizes=\"auto, (max-width: 550px) 100vw, 550px\" \/><\/a><p id=\"caption-attachment-228\" class=\"wp-caption-text\">Curva de demanda REE del d\u00eda del eclipse<\/p><\/div>\n<p>Como dicen en un conocido programa de TV, estos son los datos suyas las conclusiones.<\/p>\n","protected":false},"excerpt":{"rendered":"<p>Calculamos la diferencia de producci\u00f3n de una planta solar el d\u00eda del eclipse.<\/p>\n","protected":false},"author":1,"featured_media":0,"comment_status":"closed","ping_status":"closed","sticky":false,"template":"","format":"standard","meta":{"footnotes":""},"categories":[3],"tags":[75,85,35,39,13,31],"class_list":["post-209","post","type-post","status-publish","format-standard","hentry","category-blog","tag-contadores","tag-eclipse","tag-fotovoltaica","tag-monitorizacion","tag-mvscada","tag-renovables"],"yoast_head":"<!-- This site is optimized with the Yoast SEO plugin v27.5 - https:\/\/yoast.com\/product\/yoast-seo-wordpress\/ -->\n<title>El eclipse solar visto desde un contador de una planta solar - MVScada<\/title>\n<meta name=\"robots\" content=\"index, follow, max-snippet:-1, max-image-preview:large, max-video-preview:-1\" \/>\n<link rel=\"canonical\" href=\"https:\/\/mvscada.com\/public\/el-eclipse-solar-visto-desde-un-contador-de-una-planta-solar\/\" \/>\n<meta property=\"og:locale\" content=\"es_ES\" \/>\n<meta property=\"og:type\" content=\"article\" \/>\n<meta property=\"og:title\" content=\"El eclipse solar visto desde un contador de una planta solar - MVScada\" \/>\n<meta property=\"og:description\" content=\"Calculamos la diferencia de producci\u00f3n de una planta solar el d\u00eda del eclipse.\" \/>\n<meta property=\"og:url\" content=\"https:\/\/mvscada.com\/public\/el-eclipse-solar-visto-desde-un-contador-de-una-planta-solar\/\" \/>\n<meta property=\"og:site_name\" content=\"MVScada\" \/>\n<meta property=\"article:published_time\" content=\"2015-03-20T20:02:23+00:00\" \/>\n<meta property=\"article:modified_time\" content=\"2015-06-05T15:57:34+00:00\" \/>\n<meta property=\"og:image\" content=\"https:\/\/mvscada.com\/public\/wp-content\/uploads\/2015\/03\/eclipse_planta_solar.png\" \/>\n<meta name=\"author\" content=\"Mario\" \/>\n<meta name=\"twitter:card\" content=\"summary_large_image\" \/>\n<meta name=\"twitter:label1\" content=\"Escrito por\" \/>\n\t<meta name=\"twitter:data1\" content=\"Mario\" \/>\n\t<meta name=\"twitter:label2\" content=\"Tiempo de lectura\" \/>\n\t<meta name=\"twitter:data2\" content=\"2 minutos\" \/>\n<script type=\"application\/ld+json\" class=\"yoast-schema-graph\">{\"@context\":\"https:\\\/\\\/schema.org\",\"@graph\":[{\"@type\":\"Article\",\"@id\":\"https:\\\/\\\/mvscada.com\\\/public\\\/el-eclipse-solar-visto-desde-un-contador-de-una-planta-solar\\\/#article\",\"isPartOf\":{\"@id\":\"https:\\\/\\\/mvscada.com\\\/public\\\/el-eclipse-solar-visto-desde-un-contador-de-una-planta-solar\\\/\"},\"author\":{\"name\":\"Mario\",\"@id\":\"https:\\\/\\\/mvscada.com\\\/public\\\/#\\\/schema\\\/person\\\/259fc6a027eb2d7c48acce91ddfb0f1e\"},\"headline\":\"El eclipse solar visto desde un contador de una planta solar\",\"datePublished\":\"2015-03-20T20:02:23+00:00\",\"dateModified\":\"2015-06-05T15:57:34+00:00\",\"mainEntityOfPage\":{\"@id\":\"https:\\\/\\\/mvscada.com\\\/public\\\/el-eclipse-solar-visto-desde-un-contador-de-una-planta-solar\\\/\"},\"wordCount\":418,\"publisher\":{\"@id\":\"https:\\\/\\\/mvscada.com\\\/public\\\/#organization\"},\"image\":{\"@id\":\"https:\\\/\\\/mvscada.com\\\/public\\\/el-eclipse-solar-visto-desde-un-contador-de-una-planta-solar\\\/#primaryimage\"},\"thumbnailUrl\":\"https:\\\/\\\/mvscada.com\\\/public\\\/wp-content\\\/uploads\\\/2015\\\/03\\\/eclipse_planta_solar.png\",\"keywords\":[\"contadores\",\"eclipse\",\"fotovoltaica\",\"monitorizaci\u00f3n\",\"mvscada\",\"renovables\"],\"articleSection\":[\"blog\"],\"inLanguage\":\"es\"},{\"@type\":\"WebPage\",\"@id\":\"https:\\\/\\\/mvscada.com\\\/public\\\/el-eclipse-solar-visto-desde-un-contador-de-una-planta-solar\\\/\",\"url\":\"https:\\\/\\\/mvscada.com\\\/public\\\/el-eclipse-solar-visto-desde-un-contador-de-una-planta-solar\\\/\",\"name\":\"El eclipse solar visto desde un contador de una planta solar - MVScada\",\"isPartOf\":{\"@id\":\"https:\\\/\\\/mvscada.com\\\/public\\\/#website\"},\"primaryImageOfPage\":{\"@id\":\"https:\\\/\\\/mvscada.com\\\/public\\\/el-eclipse-solar-visto-desde-un-contador-de-una-planta-solar\\\/#primaryimage\"},\"image\":{\"@id\":\"https:\\\/\\\/mvscada.com\\\/public\\\/el-eclipse-solar-visto-desde-un-contador-de-una-planta-solar\\\/#primaryimage\"},\"thumbnailUrl\":\"https:\\\/\\\/mvscada.com\\\/public\\\/wp-content\\\/uploads\\\/2015\\\/03\\\/eclipse_planta_solar.png\",\"datePublished\":\"2015-03-20T20:02:23+00:00\",\"dateModified\":\"2015-06-05T15:57:34+00:00\",\"breadcrumb\":{\"@id\":\"https:\\\/\\\/mvscada.com\\\/public\\\/el-eclipse-solar-visto-desde-un-contador-de-una-planta-solar\\\/#breadcrumb\"},\"inLanguage\":\"es\",\"potentialAction\":[{\"@type\":\"ReadAction\",\"target\":[\"https:\\\/\\\/mvscada.com\\\/public\\\/el-eclipse-solar-visto-desde-un-contador-de-una-planta-solar\\\/\"]}]},{\"@type\":\"ImageObject\",\"inLanguage\":\"es\",\"@id\":\"https:\\\/\\\/mvscada.com\\\/public\\\/el-eclipse-solar-visto-desde-un-contador-de-una-planta-solar\\\/#primaryimage\",\"url\":\"https:\\\/\\\/mvscada.com\\\/public\\\/wp-content\\\/uploads\\\/2015\\\/03\\\/eclipse_planta_solar.png\",\"contentUrl\":\"https:\\\/\\\/mvscada.com\\\/public\\\/wp-content\\\/uploads\\\/2015\\\/03\\\/eclipse_planta_solar.png\"},{\"@type\":\"BreadcrumbList\",\"@id\":\"https:\\\/\\\/mvscada.com\\\/public\\\/el-eclipse-solar-visto-desde-un-contador-de-una-planta-solar\\\/#breadcrumb\",\"itemListElement\":[{\"@type\":\"ListItem\",\"position\":1,\"name\":\"Portada\",\"item\":\"https:\\\/\\\/mvscada.com\\\/public\\\/\"},{\"@type\":\"ListItem\",\"position\":2,\"name\":\"El eclipse solar visto desde un contador de una planta solar\"}]},{\"@type\":\"WebSite\",\"@id\":\"https:\\\/\\\/mvscada.com\\\/public\\\/#website\",\"url\":\"https:\\\/\\\/mvscada.com\\\/public\\\/\",\"name\":\"MVScada\",\"description\":\"Monitorizaci\u00f3n, control y gesti\u00f3n de instalaciones solares fotovoltaicas\",\"publisher\":{\"@id\":\"https:\\\/\\\/mvscada.com\\\/public\\\/#organization\"},\"potentialAction\":[{\"@type\":\"SearchAction\",\"target\":{\"@type\":\"EntryPoint\",\"urlTemplate\":\"https:\\\/\\\/mvscada.com\\\/public\\\/?s={search_term_string}\"},\"query-input\":{\"@type\":\"PropertyValueSpecification\",\"valueRequired\":true,\"valueName\":\"search_term_string\"}}],\"inLanguage\":\"es\"},{\"@type\":\"Organization\",\"@id\":\"https:\\\/\\\/mvscada.com\\\/public\\\/#organization\",\"name\":\"Megavatio Proyectos S.L.\",\"url\":\"https:\\\/\\\/mvscada.com\\\/public\\\/\",\"logo\":{\"@type\":\"ImageObject\",\"inLanguage\":\"es\",\"@id\":\"https:\\\/\\\/mvscada.com\\\/public\\\/#\\\/schema\\\/logo\\\/image\\\/\",\"url\":\"https:\\\/\\\/mvscada.com\\\/public\\\/wp-content\\\/uploads\\\/2021\\\/11\\\/cropped-cropped-Logo_web.png\",\"contentUrl\":\"https:\\\/\\\/mvscada.com\\\/public\\\/wp-content\\\/uploads\\\/2021\\\/11\\\/cropped-cropped-Logo_web.png\",\"width\":3281,\"height\":1064,\"caption\":\"Megavatio Proyectos S.L.\"},\"image\":{\"@id\":\"https:\\\/\\\/mvscada.com\\\/public\\\/#\\\/schema\\\/logo\\\/image\\\/\"}},{\"@type\":\"Person\",\"@id\":\"https:\\\/\\\/mvscada.com\\\/public\\\/#\\\/schema\\\/person\\\/259fc6a027eb2d7c48acce91ddfb0f1e\",\"name\":\"Mario\",\"description\":\"01001000 01100101 01101100 01101100 01101111 00100000 01110111 01101111 01110010 01101100 01100100\",\"url\":\"https:\\\/\\\/mvscada.com\\\/public\\\/author\\\/mario\\\/\"}]}<\/script>\n<!-- \/ Yoast SEO plugin. -->","yoast_head_json":{"title":"El eclipse solar visto desde un contador de una planta solar - MVScada","robots":{"index":"index","follow":"follow","max-snippet":"max-snippet:-1","max-image-preview":"max-image-preview:large","max-video-preview":"max-video-preview:-1"},"canonical":"https:\/\/mvscada.com\/public\/el-eclipse-solar-visto-desde-un-contador-de-una-planta-solar\/","og_locale":"es_ES","og_type":"article","og_title":"El eclipse solar visto desde un contador de una planta solar - MVScada","og_description":"Calculamos la diferencia de producci\u00f3n de una planta solar el d\u00eda del eclipse.","og_url":"https:\/\/mvscada.com\/public\/el-eclipse-solar-visto-desde-un-contador-de-una-planta-solar\/","og_site_name":"MVScada","article_published_time":"2015-03-20T20:02:23+00:00","article_modified_time":"2015-06-05T15:57:34+00:00","og_image":[{"url":"https:\/\/mvscada.com\/public\/wp-content\/uploads\/2015\/03\/eclipse_planta_solar.png","type":"","width":"","height":""}],"author":"Mario","twitter_card":"summary_large_image","twitter_misc":{"Escrito por":"Mario","Tiempo de lectura":"2 minutos"},"schema":{"@context":"https:\/\/schema.org","@graph":[{"@type":"Article","@id":"https:\/\/mvscada.com\/public\/el-eclipse-solar-visto-desde-un-contador-de-una-planta-solar\/#article","isPartOf":{"@id":"https:\/\/mvscada.com\/public\/el-eclipse-solar-visto-desde-un-contador-de-una-planta-solar\/"},"author":{"name":"Mario","@id":"https:\/\/mvscada.com\/public\/#\/schema\/person\/259fc6a027eb2d7c48acce91ddfb0f1e"},"headline":"El eclipse solar visto desde un contador de una planta solar","datePublished":"2015-03-20T20:02:23+00:00","dateModified":"2015-06-05T15:57:34+00:00","mainEntityOfPage":{"@id":"https:\/\/mvscada.com\/public\/el-eclipse-solar-visto-desde-un-contador-de-una-planta-solar\/"},"wordCount":418,"publisher":{"@id":"https:\/\/mvscada.com\/public\/#organization"},"image":{"@id":"https:\/\/mvscada.com\/public\/el-eclipse-solar-visto-desde-un-contador-de-una-planta-solar\/#primaryimage"},"thumbnailUrl":"https:\/\/mvscada.com\/public\/wp-content\/uploads\/2015\/03\/eclipse_planta_solar.png","keywords":["contadores","eclipse","fotovoltaica","monitorizaci\u00f3n","mvscada","renovables"],"articleSection":["blog"],"inLanguage":"es"},{"@type":"WebPage","@id":"https:\/\/mvscada.com\/public\/el-eclipse-solar-visto-desde-un-contador-de-una-planta-solar\/","url":"https:\/\/mvscada.com\/public\/el-eclipse-solar-visto-desde-un-contador-de-una-planta-solar\/","name":"El eclipse solar visto desde un contador de una planta solar - MVScada","isPartOf":{"@id":"https:\/\/mvscada.com\/public\/#website"},"primaryImageOfPage":{"@id":"https:\/\/mvscada.com\/public\/el-eclipse-solar-visto-desde-un-contador-de-una-planta-solar\/#primaryimage"},"image":{"@id":"https:\/\/mvscada.com\/public\/el-eclipse-solar-visto-desde-un-contador-de-una-planta-solar\/#primaryimage"},"thumbnailUrl":"https:\/\/mvscada.com\/public\/wp-content\/uploads\/2015\/03\/eclipse_planta_solar.png","datePublished":"2015-03-20T20:02:23+00:00","dateModified":"2015-06-05T15:57:34+00:00","breadcrumb":{"@id":"https:\/\/mvscada.com\/public\/el-eclipse-solar-visto-desde-un-contador-de-una-planta-solar\/#breadcrumb"},"inLanguage":"es","potentialAction":[{"@type":"ReadAction","target":["https:\/\/mvscada.com\/public\/el-eclipse-solar-visto-desde-un-contador-de-una-planta-solar\/"]}]},{"@type":"ImageObject","inLanguage":"es","@id":"https:\/\/mvscada.com\/public\/el-eclipse-solar-visto-desde-un-contador-de-una-planta-solar\/#primaryimage","url":"https:\/\/mvscada.com\/public\/wp-content\/uploads\/2015\/03\/eclipse_planta_solar.png","contentUrl":"https:\/\/mvscada.com\/public\/wp-content\/uploads\/2015\/03\/eclipse_planta_solar.png"},{"@type":"BreadcrumbList","@id":"https:\/\/mvscada.com\/public\/el-eclipse-solar-visto-desde-un-contador-de-una-planta-solar\/#breadcrumb","itemListElement":[{"@type":"ListItem","position":1,"name":"Portada","item":"https:\/\/mvscada.com\/public\/"},{"@type":"ListItem","position":2,"name":"El eclipse solar visto desde un contador de una planta solar"}]},{"@type":"WebSite","@id":"https:\/\/mvscada.com\/public\/#website","url":"https:\/\/mvscada.com\/public\/","name":"MVScada","description":"Monitorizaci\u00f3n, control y gesti\u00f3n de instalaciones solares fotovoltaicas","publisher":{"@id":"https:\/\/mvscada.com\/public\/#organization"},"potentialAction":[{"@type":"SearchAction","target":{"@type":"EntryPoint","urlTemplate":"https:\/\/mvscada.com\/public\/?s={search_term_string}"},"query-input":{"@type":"PropertyValueSpecification","valueRequired":true,"valueName":"search_term_string"}}],"inLanguage":"es"},{"@type":"Organization","@id":"https:\/\/mvscada.com\/public\/#organization","name":"Megavatio Proyectos S.L.","url":"https:\/\/mvscada.com\/public\/","logo":{"@type":"ImageObject","inLanguage":"es","@id":"https:\/\/mvscada.com\/public\/#\/schema\/logo\/image\/","url":"https:\/\/mvscada.com\/public\/wp-content\/uploads\/2021\/11\/cropped-cropped-Logo_web.png","contentUrl":"https:\/\/mvscada.com\/public\/wp-content\/uploads\/2021\/11\/cropped-cropped-Logo_web.png","width":3281,"height":1064,"caption":"Megavatio Proyectos S.L."},"image":{"@id":"https:\/\/mvscada.com\/public\/#\/schema\/logo\/image\/"}},{"@type":"Person","@id":"https:\/\/mvscada.com\/public\/#\/schema\/person\/259fc6a027eb2d7c48acce91ddfb0f1e","name":"Mario","description":"01001000 01100101 01101100 01101100 01101111 00100000 01110111 01101111 01110010 01101100 01100100","url":"https:\/\/mvscada.com\/public\/author\/mario\/"}]}},"_links":{"self":[{"href":"https:\/\/mvscada.com\/public\/wp-json\/wp\/v2\/posts\/209","targetHints":{"allow":["GET"]}}],"collection":[{"href":"https:\/\/mvscada.com\/public\/wp-json\/wp\/v2\/posts"}],"about":[{"href":"https:\/\/mvscada.com\/public\/wp-json\/wp\/v2\/types\/post"}],"author":[{"embeddable":true,"href":"https:\/\/mvscada.com\/public\/wp-json\/wp\/v2\/users\/1"}],"replies":[{"embeddable":true,"href":"https:\/\/mvscada.com\/public\/wp-json\/wp\/v2\/comments?post=209"}],"version-history":[{"count":22,"href":"https:\/\/mvscada.com\/public\/wp-json\/wp\/v2\/posts\/209\/revisions"}],"predecessor-version":[{"id":252,"href":"https:\/\/mvscada.com\/public\/wp-json\/wp\/v2\/posts\/209\/revisions\/252"}],"wp:attachment":[{"href":"https:\/\/mvscada.com\/public\/wp-json\/wp\/v2\/media?parent=209"}],"wp:term":[{"taxonomy":"category","embeddable":true,"href":"https:\/\/mvscada.com\/public\/wp-json\/wp\/v2\/categories?post=209"},{"taxonomy":"post_tag","embeddable":true,"href":"https:\/\/mvscada.com\/public\/wp-json\/wp\/v2\/tags?post=209"}],"curies":[{"name":"wp","href":"https:\/\/api.w.org\/{rel}","templated":true}]}}