{"id":243,"date":"2015-06-04T21:51:33","date_gmt":"2015-06-04T19:51:33","guid":{"rendered":"http:\/\/mvscada.com\/public\/?p=243"},"modified":"2015-06-05T17:58:55","modified_gmt":"2015-06-05T15:58:55","slug":"jornada-sobre-rehabilitacion-energetica-en-laguna-de-duero","status":"publish","type":"post","link":"https:\/\/mvscada.com\/public\/jornada-sobre-rehabilitacion-energetica-en-laguna-de-duero\/","title":{"rendered":"Jornada sobre Rehabilitaci\u00f3n Energ\u00e9tica en Laguna de Duero"},"content":{"rendered":"<div>\n<div style=\"text-align: justify;\"><span style=\"color: #000000;\">Dentro de la <a href=\"http:\/\/www.eusew.eu\/\">Semana Europea de la Energ\u00eda Sostenible<\/a>, nuestros amigos de <a href=\"http:\/\/www.veolia.es\/es\">Veolia<\/a>,\u00a0como socios del proyecto CITyFiED nos invitan\u00a0a una jornada sobre\u00a0<strong>Rehabilitaci\u00f3n Energ\u00e9tica,\u00a0<\/strong>d\u00f3nde\u00a0\u00a0expertos de diferentes entidades compartir\u00e1n sus experiencias dentro de los campos de edificaci\u00f3n y energ\u00eda. As\u00ed mismo se tendr\u00e1 la oportunidad de visitar las instalaciones de la Red de Calor y los Edificios de Torrelago como ejemplo de actuaciones en el marco de la jornada.<\/span><\/div>\n<div><\/div>\n<div><img loading=\"lazy\" decoding=\"async\" class=\"size-medium wp-image-245 aligncenter\" src=\"https:\/\/mvscada.com\/public\/wp-content\/uploads\/2015\/06\/jornada_rehab-300x164.png\" alt=\"Jornada Rehabilitaci\u00f3n\" width=\"300\" height=\"164\" srcset=\"https:\/\/mvscada.com\/public\/wp-content\/uploads\/2015\/06\/jornada_rehab-300x164.png 300w, https:\/\/mvscada.com\/public\/wp-content\/uploads\/2015\/06\/jornada_rehab-1024x559.png 1024w, https:\/\/mvscada.com\/public\/wp-content\/uploads\/2015\/06\/jornada_rehab.png 1108w\" sizes=\"auto, (max-width: 300px) 100vw, 300px\" \/><\/div>\n<\/div>\n<p><!--more--><\/p>\n<div><span style=\"color: #000000;\"><span style=\"color: #000000;\">La jornada tendr\u00e1 lugar en la\u00a0<strong><a href=\"https:\/\/www.facebook.com\/casadelasarteslaguna\">Casa de las Artes de Laguna de Duero (Valladolid)<\/a><\/strong>\u00a0el\u00a0<strong>d\u00eda 17 de junio, en un horario de\u00a010<\/strong><strong>:00<\/strong><strong>\u00a0a\u00a0<\/strong><strong>14:00<\/strong><strong>\u00a0de la ma\u00f1ana.<\/strong><\/span><\/span>La asistencia a la jornada es gratuita, pero dado que la disponibilidad de plazas es limitada, la inscripci\u00f3n se realizar\u00e1 por orden de solicitud, seg\u00fan el documento adjunto con el programa y la solicitud de inscripci\u00f3n.<\/div>\n<p style=\"text-align: justify;\">Programa y solicitud de inscripci\u00f3n:\u00a0<a href=\"https:\/\/mvscada.com\/public\/wp-content\/uploads\/2015\/06\/CITyFiED_EUSEW2015_150603.pdf\">CITyFiED_EUSEW2015_150603<\/a><\/p>\n","protected":false},"excerpt":{"rendered":"<p>Dentro de la Semana Europea de la Energ\u00eda Sostenible, nuestros amigos de Veolia,\u00a0como socios del proyecto CITyFiED nos invitan\u00a0a una jornada sobre\u00a0Rehabilitaci\u00f3n Energ\u00e9tica,\u00a0d\u00f3nde\u00a0\u00a0expertos de diferentes entidades compartir\u00e1n sus experiencias dentro de los campos de edificaci\u00f3n y energ\u00eda. As\u00ed mismo se tendr\u00e1 la oportunidad de visitar las instalaciones de la Red de Calor y los Edificios<\/p>\n","protected":false},"author":1,"featured_media":0,"comment_status":"closed","ping_status":"closed","sticky":false,"template":"","format":"standard","meta":{"footnotes":""},"categories":[3],"tags":[90,32,87,86,88,89],"class_list":["post-243","post","type-post","status-publish","format-standard","hentry","category-blog","tag-energetica","tag-energia","tag-europea","tag-jornada","tag-rehabilitacion","tag-sostenible"],"yoast_head":"<!-- This site is optimized with the Yoast SEO plugin v27.5 - https:\/\/yoast.com\/product\/yoast-seo-wordpress\/ -->\n<title>Jornada sobre Rehabilitaci\u00f3n Energ\u00e9tica en Laguna de Duero - MVScada<\/title>\n<meta name=\"robots\" content=\"index, follow, max-snippet:-1, max-image-preview:large, max-video-preview:-1\" \/>\n<link rel=\"canonical\" href=\"https:\/\/mvscada.com\/public\/jornada-sobre-rehabilitacion-energetica-en-laguna-de-duero\/\" \/>\n<meta property=\"og:locale\" content=\"es_ES\" \/>\n<meta property=\"og:type\" content=\"article\" \/>\n<meta property=\"og:title\" content=\"Jornada sobre Rehabilitaci\u00f3n Energ\u00e9tica en Laguna de Duero - MVScada\" \/>\n<meta property=\"og:description\" content=\"Dentro de la Semana Europea de la Energ\u00eda Sostenible, nuestros amigos de Veolia,\u00a0como socios del proyecto CITyFiED nos invitan\u00a0a una jornada sobre\u00a0Rehabilitaci\u00f3n Energ\u00e9tica,\u00a0d\u00f3nde\u00a0\u00a0expertos de diferentes entidades compartir\u00e1n sus experiencias dentro de los campos de edificaci\u00f3n y energ\u00eda. As\u00ed mismo se tendr\u00e1 la oportunidad de visitar las instalaciones de la Red de Calor y los Edificios\" \/>\n<meta property=\"og:url\" content=\"https:\/\/mvscada.com\/public\/jornada-sobre-rehabilitacion-energetica-en-laguna-de-duero\/\" \/>\n<meta property=\"og:site_name\" content=\"MVScada\" \/>\n<meta property=\"article:published_time\" content=\"2015-06-04T19:51:33+00:00\" \/>\n<meta property=\"article:modified_time\" content=\"2015-06-05T15:58:55+00:00\" \/>\n<meta property=\"og:image\" content=\"https:\/\/mvscada.com\/public\/wp-content\/uploads\/2015\/06\/jornada_rehab-300x164.png\" \/>\n<meta name=\"author\" content=\"Mario\" \/>\n<meta name=\"twitter:card\" content=\"summary_large_image\" \/>\n<meta name=\"twitter:label1\" content=\"Escrito por\" \/>\n\t<meta name=\"twitter:data1\" content=\"Mario\" \/>\n\t<meta name=\"twitter:label2\" content=\"Tiempo de lectura\" \/>\n\t<meta name=\"twitter:data2\" content=\"1 minuto\" \/>\n<script type=\"application\/ld+json\" class=\"yoast-schema-graph\">{\"@context\":\"https:\\\/\\\/schema.org\",\"@graph\":[{\"@type\":\"Article\",\"@id\":\"https:\\\/\\\/mvscada.com\\\/public\\\/jornada-sobre-rehabilitacion-energetica-en-laguna-de-duero\\\/#article\",\"isPartOf\":{\"@id\":\"https:\\\/\\\/mvscada.com\\\/public\\\/jornada-sobre-rehabilitacion-energetica-en-laguna-de-duero\\\/\"},\"author\":{\"name\":\"Mario\",\"@id\":\"https:\\\/\\\/mvscada.com\\\/public\\\/#\\\/schema\\\/person\\\/259fc6a027eb2d7c48acce91ddfb0f1e\"},\"headline\":\"Jornada sobre Rehabilitaci\u00f3n Energ\u00e9tica en Laguna de Duero\",\"datePublished\":\"2015-06-04T19:51:33+00:00\",\"dateModified\":\"2015-06-05T15:58:55+00:00\",\"mainEntityOfPage\":{\"@id\":\"https:\\\/\\\/mvscada.com\\\/public\\\/jornada-sobre-rehabilitacion-energetica-en-laguna-de-duero\\\/\"},\"wordCount\":165,\"publisher\":{\"@id\":\"https:\\\/\\\/mvscada.com\\\/public\\\/#organization\"},\"image\":{\"@id\":\"https:\\\/\\\/mvscada.com\\\/public\\\/jornada-sobre-rehabilitacion-energetica-en-laguna-de-duero\\\/#primaryimage\"},\"thumbnailUrl\":\"https:\\\/\\\/mvscada.com\\\/public\\\/wp-content\\\/uploads\\\/2015\\\/06\\\/jornada_rehab-300x164.png\",\"keywords\":[\"energ\u00e9tica\",\"energ\u00eda\",\"europea\",\"jornada\",\"rehabilitaci\u00f3n\",\"sostenible\"],\"articleSection\":[\"blog\"],\"inLanguage\":\"es\"},{\"@type\":\"WebPage\",\"@id\":\"https:\\\/\\\/mvscada.com\\\/public\\\/jornada-sobre-rehabilitacion-energetica-en-laguna-de-duero\\\/\",\"url\":\"https:\\\/\\\/mvscada.com\\\/public\\\/jornada-sobre-rehabilitacion-energetica-en-laguna-de-duero\\\/\",\"name\":\"Jornada sobre Rehabilitaci\u00f3n Energ\u00e9tica en Laguna de Duero - MVScada\",\"isPartOf\":{\"@id\":\"https:\\\/\\\/mvscada.com\\\/public\\\/#website\"},\"primaryImageOfPage\":{\"@id\":\"https:\\\/\\\/mvscada.com\\\/public\\\/jornada-sobre-rehabilitacion-energetica-en-laguna-de-duero\\\/#primaryimage\"},\"image\":{\"@id\":\"https:\\\/\\\/mvscada.com\\\/public\\\/jornada-sobre-rehabilitacion-energetica-en-laguna-de-duero\\\/#primaryimage\"},\"thumbnailUrl\":\"https:\\\/\\\/mvscada.com\\\/public\\\/wp-content\\\/uploads\\\/2015\\\/06\\\/jornada_rehab-300x164.png\",\"datePublished\":\"2015-06-04T19:51:33+00:00\",\"dateModified\":\"2015-06-05T15:58:55+00:00\",\"breadcrumb\":{\"@id\":\"https:\\\/\\\/mvscada.com\\\/public\\\/jornada-sobre-rehabilitacion-energetica-en-laguna-de-duero\\\/#breadcrumb\"},\"inLanguage\":\"es\",\"potentialAction\":[{\"@type\":\"ReadAction\",\"target\":[\"https:\\\/\\\/mvscada.com\\\/public\\\/jornada-sobre-rehabilitacion-energetica-en-laguna-de-duero\\\/\"]}]},{\"@type\":\"ImageObject\",\"inLanguage\":\"es\",\"@id\":\"https:\\\/\\\/mvscada.com\\\/public\\\/jornada-sobre-rehabilitacion-energetica-en-laguna-de-duero\\\/#primaryimage\",\"url\":\"https:\\\/\\\/mvscada.com\\\/public\\\/wp-content\\\/uploads\\\/2015\\\/06\\\/jornada_rehab.png\",\"contentUrl\":\"https:\\\/\\\/mvscada.com\\\/public\\\/wp-content\\\/uploads\\\/2015\\\/06\\\/jornada_rehab.png\",\"width\":1108,\"height\":605},{\"@type\":\"BreadcrumbList\",\"@id\":\"https:\\\/\\\/mvscada.com\\\/public\\\/jornada-sobre-rehabilitacion-energetica-en-laguna-de-duero\\\/#breadcrumb\",\"itemListElement\":[{\"@type\":\"ListItem\",\"position\":1,\"name\":\"Portada\",\"item\":\"https:\\\/\\\/mvscada.com\\\/public\\\/\"},{\"@type\":\"ListItem\",\"position\":2,\"name\":\"Jornada sobre Rehabilitaci\u00f3n Energ\u00e9tica en Laguna de Duero\"}]},{\"@type\":\"WebSite\",\"@id\":\"https:\\\/\\\/mvscada.com\\\/public\\\/#website\",\"url\":\"https:\\\/\\\/mvscada.com\\\/public\\\/\",\"name\":\"MVScada\",\"description\":\"Monitorizaci\u00f3n, control y gesti\u00f3n de instalaciones solares fotovoltaicas\",\"publisher\":{\"@id\":\"https:\\\/\\\/mvscada.com\\\/public\\\/#organization\"},\"potentialAction\":[{\"@type\":\"SearchAction\",\"target\":{\"@type\":\"EntryPoint\",\"urlTemplate\":\"https:\\\/\\\/mvscada.com\\\/public\\\/?s={search_term_string}\"},\"query-input\":{\"@type\":\"PropertyValueSpecification\",\"valueRequired\":true,\"valueName\":\"search_term_string\"}}],\"inLanguage\":\"es\"},{\"@type\":\"Organization\",\"@id\":\"https:\\\/\\\/mvscada.com\\\/public\\\/#organization\",\"name\":\"Megavatio Proyectos S.L.\",\"url\":\"https:\\\/\\\/mvscada.com\\\/public\\\/\",\"logo\":{\"@type\":\"ImageObject\",\"inLanguage\":\"es\",\"@id\":\"https:\\\/\\\/mvscada.com\\\/public\\\/#\\\/schema\\\/logo\\\/image\\\/\",\"url\":\"https:\\\/\\\/mvscada.com\\\/public\\\/wp-content\\\/uploads\\\/2021\\\/11\\\/cropped-cropped-Logo_web.png\",\"contentUrl\":\"https:\\\/\\\/mvscada.com\\\/public\\\/wp-content\\\/uploads\\\/2021\\\/11\\\/cropped-cropped-Logo_web.png\",\"width\":3281,\"height\":1064,\"caption\":\"Megavatio Proyectos S.L.\"},\"image\":{\"@id\":\"https:\\\/\\\/mvscada.com\\\/public\\\/#\\\/schema\\\/logo\\\/image\\\/\"}},{\"@type\":\"Person\",\"@id\":\"https:\\\/\\\/mvscada.com\\\/public\\\/#\\\/schema\\\/person\\\/259fc6a027eb2d7c48acce91ddfb0f1e\",\"name\":\"Mario\",\"description\":\"01001000 01100101 01101100 01101100 01101111 00100000 01110111 01101111 01110010 01101100 01100100\",\"url\":\"https:\\\/\\\/mvscada.com\\\/public\\\/author\\\/mario\\\/\"}]}<\/script>\n<!-- \/ Yoast SEO plugin. -->","yoast_head_json":{"title":"Jornada sobre Rehabilitaci\u00f3n Energ\u00e9tica en Laguna de Duero - MVScada","robots":{"index":"index","follow":"follow","max-snippet":"max-snippet:-1","max-image-preview":"max-image-preview:large","max-video-preview":"max-video-preview:-1"},"canonical":"https:\/\/mvscada.com\/public\/jornada-sobre-rehabilitacion-energetica-en-laguna-de-duero\/","og_locale":"es_ES","og_type":"article","og_title":"Jornada sobre Rehabilitaci\u00f3n Energ\u00e9tica en Laguna de Duero - MVScada","og_description":"Dentro de la Semana Europea de la Energ\u00eda Sostenible, nuestros amigos de Veolia,\u00a0como socios del proyecto CITyFiED nos invitan\u00a0a una jornada sobre\u00a0Rehabilitaci\u00f3n Energ\u00e9tica,\u00a0d\u00f3nde\u00a0\u00a0expertos de diferentes entidades compartir\u00e1n sus experiencias dentro de los campos de edificaci\u00f3n y energ\u00eda. As\u00ed mismo se tendr\u00e1 la oportunidad de visitar las instalaciones de la Red de Calor y los Edificios","og_url":"https:\/\/mvscada.com\/public\/jornada-sobre-rehabilitacion-energetica-en-laguna-de-duero\/","og_site_name":"MVScada","article_published_time":"2015-06-04T19:51:33+00:00","article_modified_time":"2015-06-05T15:58:55+00:00","og_image":[{"url":"https:\/\/mvscada.com\/public\/wp-content\/uploads\/2015\/06\/jornada_rehab-300x164.png","type":"","width":"","height":""}],"author":"Mario","twitter_card":"summary_large_image","twitter_misc":{"Escrito por":"Mario","Tiempo de lectura":"1 minuto"},"schema":{"@context":"https:\/\/schema.org","@graph":[{"@type":"Article","@id":"https:\/\/mvscada.com\/public\/jornada-sobre-rehabilitacion-energetica-en-laguna-de-duero\/#article","isPartOf":{"@id":"https:\/\/mvscada.com\/public\/jornada-sobre-rehabilitacion-energetica-en-laguna-de-duero\/"},"author":{"name":"Mario","@id":"https:\/\/mvscada.com\/public\/#\/schema\/person\/259fc6a027eb2d7c48acce91ddfb0f1e"},"headline":"Jornada sobre Rehabilitaci\u00f3n Energ\u00e9tica en Laguna de Duero","datePublished":"2015-06-04T19:51:33+00:00","dateModified":"2015-06-05T15:58:55+00:00","mainEntityOfPage":{"@id":"https:\/\/mvscada.com\/public\/jornada-sobre-rehabilitacion-energetica-en-laguna-de-duero\/"},"wordCount":165,"publisher":{"@id":"https:\/\/mvscada.com\/public\/#organization"},"image":{"@id":"https:\/\/mvscada.com\/public\/jornada-sobre-rehabilitacion-energetica-en-laguna-de-duero\/#primaryimage"},"thumbnailUrl":"https:\/\/mvscada.com\/public\/wp-content\/uploads\/2015\/06\/jornada_rehab-300x164.png","keywords":["energ\u00e9tica","energ\u00eda","europea","jornada","rehabilitaci\u00f3n","sostenible"],"articleSection":["blog"],"inLanguage":"es"},{"@type":"WebPage","@id":"https:\/\/mvscada.com\/public\/jornada-sobre-rehabilitacion-energetica-en-laguna-de-duero\/","url":"https:\/\/mvscada.com\/public\/jornada-sobre-rehabilitacion-energetica-en-laguna-de-duero\/","name":"Jornada sobre Rehabilitaci\u00f3n Energ\u00e9tica en Laguna de Duero - MVScada","isPartOf":{"@id":"https:\/\/mvscada.com\/public\/#website"},"primaryImageOfPage":{"@id":"https:\/\/mvscada.com\/public\/jornada-sobre-rehabilitacion-energetica-en-laguna-de-duero\/#primaryimage"},"image":{"@id":"https:\/\/mvscada.com\/public\/jornada-sobre-rehabilitacion-energetica-en-laguna-de-duero\/#primaryimage"},"thumbnailUrl":"https:\/\/mvscada.com\/public\/wp-content\/uploads\/2015\/06\/jornada_rehab-300x164.png","datePublished":"2015-06-04T19:51:33+00:00","dateModified":"2015-06-05T15:58:55+00:00","breadcrumb":{"@id":"https:\/\/mvscada.com\/public\/jornada-sobre-rehabilitacion-energetica-en-laguna-de-duero\/#breadcrumb"},"inLanguage":"es","potentialAction":[{"@type":"ReadAction","target":["https:\/\/mvscada.com\/public\/jornada-sobre-rehabilitacion-energetica-en-laguna-de-duero\/"]}]},{"@type":"ImageObject","inLanguage":"es","@id":"https:\/\/mvscada.com\/public\/jornada-sobre-rehabilitacion-energetica-en-laguna-de-duero\/#primaryimage","url":"https:\/\/mvscada.com\/public\/wp-content\/uploads\/2015\/06\/jornada_rehab.png","contentUrl":"https:\/\/mvscada.com\/public\/wp-content\/uploads\/2015\/06\/jornada_rehab.png","width":1108,"height":605},{"@type":"BreadcrumbList","@id":"https:\/\/mvscada.com\/public\/jornada-sobre-rehabilitacion-energetica-en-laguna-de-duero\/#breadcrumb","itemListElement":[{"@type":"ListItem","position":1,"name":"Portada","item":"https:\/\/mvscada.com\/public\/"},{"@type":"ListItem","position":2,"name":"Jornada sobre Rehabilitaci\u00f3n Energ\u00e9tica en Laguna de Duero"}]},{"@type":"WebSite","@id":"https:\/\/mvscada.com\/public\/#website","url":"https:\/\/mvscada.com\/public\/","name":"MVScada","description":"Monitorizaci\u00f3n, control y gesti\u00f3n de instalaciones solares fotovoltaicas","publisher":{"@id":"https:\/\/mvscada.com\/public\/#organization"},"potentialAction":[{"@type":"SearchAction","target":{"@type":"EntryPoint","urlTemplate":"https:\/\/mvscada.com\/public\/?s={search_term_string}"},"query-input":{"@type":"PropertyValueSpecification","valueRequired":true,"valueName":"search_term_string"}}],"inLanguage":"es"},{"@type":"Organization","@id":"https:\/\/mvscada.com\/public\/#organization","name":"Megavatio Proyectos S.L.","url":"https:\/\/mvscada.com\/public\/","logo":{"@type":"ImageObject","inLanguage":"es","@id":"https:\/\/mvscada.com\/public\/#\/schema\/logo\/image\/","url":"https:\/\/mvscada.com\/public\/wp-content\/uploads\/2021\/11\/cropped-cropped-Logo_web.png","contentUrl":"https:\/\/mvscada.com\/public\/wp-content\/uploads\/2021\/11\/cropped-cropped-Logo_web.png","width":3281,"height":1064,"caption":"Megavatio Proyectos S.L."},"image":{"@id":"https:\/\/mvscada.com\/public\/#\/schema\/logo\/image\/"}},{"@type":"Person","@id":"https:\/\/mvscada.com\/public\/#\/schema\/person\/259fc6a027eb2d7c48acce91ddfb0f1e","name":"Mario","description":"01001000 01100101 01101100 01101100 01101111 00100000 01110111 01101111 01110010 01101100 01100100","url":"https:\/\/mvscada.com\/public\/author\/mario\/"}]}},"_links":{"self":[{"href":"https:\/\/mvscada.com\/public\/wp-json\/wp\/v2\/posts\/243","targetHints":{"allow":["GET"]}}],"collection":[{"href":"https:\/\/mvscada.com\/public\/wp-json\/wp\/v2\/posts"}],"about":[{"href":"https:\/\/mvscada.com\/public\/wp-json\/wp\/v2\/types\/post"}],"author":[{"embeddable":true,"href":"https:\/\/mvscada.com\/public\/wp-json\/wp\/v2\/users\/1"}],"replies":[{"embeddable":true,"href":"https:\/\/mvscada.com\/public\/wp-json\/wp\/v2\/comments?post=243"}],"version-history":[{"count":6,"href":"https:\/\/mvscada.com\/public\/wp-json\/wp\/v2\/posts\/243\/revisions"}],"predecessor-version":[{"id":254,"href":"https:\/\/mvscada.com\/public\/wp-json\/wp\/v2\/posts\/243\/revisions\/254"}],"wp:attachment":[{"href":"https:\/\/mvscada.com\/public\/wp-json\/wp\/v2\/media?parent=243"}],"wp:term":[{"taxonomy":"category","embeddable":true,"href":"https:\/\/mvscada.com\/public\/wp-json\/wp\/v2\/categories?post=243"},{"taxonomy":"post_tag","embeddable":true,"href":"https:\/\/mvscada.com\/public\/wp-json\/wp\/v2\/tags?post=243"}],"curies":[{"name":"wp","href":"https:\/\/api.w.org\/{rel}","templated":true}]}}