{"id":541,"date":"2017-02-18T15:24:40","date_gmt":"2017-02-18T14:24:40","guid":{"rendered":"https:\/\/mvscada.com\/public\/?p=541"},"modified":"2017-02-18T15:25:11","modified_gmt":"2017-02-18T14:25:11","slug":"visita-al-huerto-solar-duenas-con-el-ies-la-merced","status":"publish","type":"post","link":"https:\/\/mvscada.com\/public\/visita-al-huerto-solar-duenas-con-el-ies-la-merced\/","title":{"rendered":"Visita al huerto solar \u00abDue\u00f1as\u00bb con el IES La Merced"},"content":{"rendered":"<p style=\"text-align: justify;\">El pasado d\u00eda 15 de Febrero visitaron la instalaci\u00f3n solar fotovoltaica con seguimiento a dos ejes de <a href=\"https:\/\/es.wikipedia.org\/wiki\/Due%C3%B1as\">Due\u00f1as<\/a> los alumnos de varios ciclos formativos del <a href=\"http:\/\/ieslamerced.centros.educa.jcyl.es\/sitio\/\">IES La Merced de Valladolid<\/a>.<\/p>\n<p style=\"text-align: center;\"><a href=\"https:\/\/mvscada.com\/public\/wp-content\/uploads\/2017\/02\/2017-02-15-15.18.14-1.jpg\"><img loading=\"lazy\" decoding=\"async\" class=\"aligncenter size-medium wp-image-545\" src=\"https:\/\/mvscada.com\/public\/wp-content\/uploads\/2017\/02\/2017-02-15-15.18.14-1-300x169.jpg\" alt=\"\" width=\"300\" height=\"169\" srcset=\"https:\/\/mvscada.com\/public\/wp-content\/uploads\/2017\/02\/2017-02-15-15.18.14-1-300x169.jpg 300w, https:\/\/mvscada.com\/public\/wp-content\/uploads\/2017\/02\/2017-02-15-15.18.14-1-768x432.jpg 768w, https:\/\/mvscada.com\/public\/wp-content\/uploads\/2017\/02\/2017-02-15-15.18.14-1-1024x576.jpg 1024w, https:\/\/mvscada.com\/public\/wp-content\/uploads\/2017\/02\/2017-02-15-15.18.14-1.jpg 1552w\" sizes=\"auto, (max-width: 300px) 100vw, 300px\" \/><\/a><\/p>\n<p style=\"text-align: justify;\"><!--more--><\/p>\n<p style=\"text-align: justify;\">Pasamos una ma\u00f1ana muy agradable explic\u00e1ndo c\u00f3mo funciona esta instalaci\u00f3n que MVScada monitoriza y controla completamente -incluyendo el seguimiento solar.<\/p>\n<p style=\"text-align: center;\"><a href=\"https:\/\/mvscada.com\/public\/wp-content\/uploads\/2017\/02\/2017-02-15-15.18.14.jpg\"><img loading=\"lazy\" decoding=\"async\" class=\"aligncenter size-medium wp-image-546\" src=\"https:\/\/mvscada.com\/public\/wp-content\/uploads\/2017\/02\/2017-02-15-15.18.14-300x169.jpg\" alt=\"\" width=\"300\" height=\"169\" srcset=\"https:\/\/mvscada.com\/public\/wp-content\/uploads\/2017\/02\/2017-02-15-15.18.14-300x169.jpg 300w, https:\/\/mvscada.com\/public\/wp-content\/uploads\/2017\/02\/2017-02-15-15.18.14-768x432.jpg 768w, https:\/\/mvscada.com\/public\/wp-content\/uploads\/2017\/02\/2017-02-15-15.18.14-1024x576.jpg 1024w, https:\/\/mvscada.com\/public\/wp-content\/uploads\/2017\/02\/2017-02-15-15.18.14.jpg 1552w\" sizes=\"auto, (max-width: 300px) 100vw, 300px\" \/><\/a><\/p>\n<p style=\"text-align: center;\"><a href=\"https:\/\/mvscada.com\/public\/wp-content\/uploads\/2017\/02\/2017-02-15-15.18.14-2.jpg\"><img loading=\"lazy\" decoding=\"async\" class=\"aligncenter size-medium wp-image-544\" src=\"https:\/\/mvscada.com\/public\/wp-content\/uploads\/2017\/02\/2017-02-15-15.18.14-2-300x169.jpg\" alt=\"\" width=\"300\" height=\"169\" srcset=\"https:\/\/mvscada.com\/public\/wp-content\/uploads\/2017\/02\/2017-02-15-15.18.14-2-300x169.jpg 300w, https:\/\/mvscada.com\/public\/wp-content\/uploads\/2017\/02\/2017-02-15-15.18.14-2-768x432.jpg 768w, https:\/\/mvscada.com\/public\/wp-content\/uploads\/2017\/02\/2017-02-15-15.18.14-2-1024x576.jpg 1024w, https:\/\/mvscada.com\/public\/wp-content\/uploads\/2017\/02\/2017-02-15-15.18.14-2.jpg 1552w\" sizes=\"auto, (max-width: 300px) 100vw, 300px\" \/><\/a><\/p>\n<p style=\"text-align: center;\"><a href=\"https:\/\/mvscada.com\/public\/wp-content\/uploads\/2017\/02\/2017-02-15-16.17.07-e1487427625405.jpg\"><img loading=\"lazy\" decoding=\"async\" class=\"aligncenter size-medium wp-image-543\" src=\"https:\/\/mvscada.com\/public\/wp-content\/uploads\/2017\/02\/2017-02-15-16.17.07-e1487427625405-300x69.jpg\" alt=\"\" width=\"300\" height=\"69\" srcset=\"https:\/\/mvscada.com\/public\/wp-content\/uploads\/2017\/02\/2017-02-15-16.17.07-e1487427625405-300x69.jpg 300w, https:\/\/mvscada.com\/public\/wp-content\/uploads\/2017\/02\/2017-02-15-16.17.07-e1487427625405-768x177.jpg 768w, https:\/\/mvscada.com\/public\/wp-content\/uploads\/2017\/02\/2017-02-15-16.17.07-e1487427625405-1024x236.jpg 1024w\" sizes=\"auto, (max-width: 300px) 100vw, 300px\" \/><\/a><\/p>\n<p style=\"text-align: center;\"><a href=\"https:\/\/mvscada.com\/public\/wp-content\/uploads\/2017\/02\/2017-02-15-12.52.00.jpg\"><img loading=\"lazy\" decoding=\"async\" class=\"aligncenter size-medium wp-image-542\" src=\"https:\/\/mvscada.com\/public\/wp-content\/uploads\/2017\/02\/2017-02-15-12.52.00-300x169.jpg\" alt=\"\" width=\"300\" height=\"169\" srcset=\"https:\/\/mvscada.com\/public\/wp-content\/uploads\/2017\/02\/2017-02-15-12.52.00-300x169.jpg 300w, https:\/\/mvscada.com\/public\/wp-content\/uploads\/2017\/02\/2017-02-15-12.52.00-768x433.jpg 768w, https:\/\/mvscada.com\/public\/wp-content\/uploads\/2017\/02\/2017-02-15-12.52.00-1024x577.jpg 1024w\" sizes=\"auto, (max-width: 300px) 100vw, 300px\" \/><\/a><\/p>\n<p style=\"text-align: justify;\">S\u00f3lo podemos dar las gracias a los responsables del instituto por haberse interesado por nuestro trabajo y a <a href=\"http:\/\/www.smihispania.com\/\">Luis de SMI<\/a>\u00a0por permitirnos el acceso y por la clase magistral.<\/p>\n","protected":false},"excerpt":{"rendered":"<p>El pasado d\u00eda 15 de Febrero visitaron la instalaci\u00f3n solar fotovoltaica con seguimiento a dos ejes de Due\u00f1as los alumnos de varios ciclos formativos del IES La Merced de Valladolid.<\/p>\n","protected":false},"author":1,"featured_media":0,"comment_status":"closed","ping_status":"closed","sticky":false,"template":"","format":"standard","meta":{"footnotes":""},"categories":[3],"tags":[194,271,272,75,268,261,274,273,35,275,232,270,269,15,39,13,267,17,5,180,179,36,221,266],"class_list":["post-541","post","type-post","status-publish","format-standard","hentry","category-blog","tag-2-ejes","tag-alumnos","tag-ciclos","tag-contadores","tag-duenas","tag-educacion","tag-excursion","tag-formativos","tag-fotovoltaica","tag-hispania","tag-huerto","tag-ies","tag-la-merced","tag-megavatio","tag-monitorizacion","tag-mvscada","tag-planta","tag-scada","tag-seguimiento","tag-sermanint","tag-smi","tag-solar","tag-ttr","tag-visita"],"yoast_head":"<!-- This site is optimized with the Yoast SEO plugin v27.5 - https:\/\/yoast.com\/product\/yoast-seo-wordpress\/ -->\n<title>Visita al huerto solar &quot;Due\u00f1as&quot; con el IES La Merced - MVScada<\/title>\n<meta name=\"robots\" content=\"index, follow, max-snippet:-1, max-image-preview:large, max-video-preview:-1\" \/>\n<link rel=\"canonical\" href=\"https:\/\/mvscada.com\/public\/visita-al-huerto-solar-duenas-con-el-ies-la-merced\/\" \/>\n<meta property=\"og:locale\" content=\"es_ES\" \/>\n<meta property=\"og:type\" content=\"article\" \/>\n<meta property=\"og:title\" content=\"Visita al huerto solar &quot;Due\u00f1as&quot; con el IES La Merced - MVScada\" \/>\n<meta property=\"og:description\" content=\"El pasado d\u00eda 15 de Febrero visitaron la instalaci\u00f3n solar fotovoltaica con seguimiento a dos ejes de Due\u00f1as los alumnos de varios ciclos formativos del IES La Merced de Valladolid.\" \/>\n<meta property=\"og:url\" content=\"https:\/\/mvscada.com\/public\/visita-al-huerto-solar-duenas-con-el-ies-la-merced\/\" \/>\n<meta property=\"og:site_name\" content=\"MVScada\" \/>\n<meta property=\"article:published_time\" content=\"2017-02-18T14:24:40+00:00\" \/>\n<meta property=\"article:modified_time\" content=\"2017-02-18T14:25:11+00:00\" \/>\n<meta property=\"og:image\" content=\"https:\/\/mvscada.com\/public\/wp-content\/uploads\/2017\/02\/2017-02-15-15.18.14-1-300x169.jpg\" \/>\n<meta name=\"author\" content=\"Mario\" \/>\n<meta name=\"twitter:card\" content=\"summary_large_image\" \/>\n<meta name=\"twitter:label1\" content=\"Escrito por\" \/>\n\t<meta name=\"twitter:data1\" content=\"Mario\" \/>\n<script type=\"application\/ld+json\" class=\"yoast-schema-graph\">{\"@context\":\"https:\\\/\\\/schema.org\",\"@graph\":[{\"@type\":\"Article\",\"@id\":\"https:\\\/\\\/mvscada.com\\\/public\\\/visita-al-huerto-solar-duenas-con-el-ies-la-merced\\\/#article\",\"isPartOf\":{\"@id\":\"https:\\\/\\\/mvscada.com\\\/public\\\/visita-al-huerto-solar-duenas-con-el-ies-la-merced\\\/\"},\"author\":{\"name\":\"Mario\",\"@id\":\"https:\\\/\\\/mvscada.com\\\/public\\\/#\\\/schema\\\/person\\\/259fc6a027eb2d7c48acce91ddfb0f1e\"},\"headline\":\"Visita al huerto solar \u00abDue\u00f1as\u00bb con el IES La Merced\",\"datePublished\":\"2017-02-18T14:24:40+00:00\",\"dateModified\":\"2017-02-18T14:25:11+00:00\",\"mainEntityOfPage\":{\"@id\":\"https:\\\/\\\/mvscada.com\\\/public\\\/visita-al-huerto-solar-duenas-con-el-ies-la-merced\\\/\"},\"wordCount\":98,\"publisher\":{\"@id\":\"https:\\\/\\\/mvscada.com\\\/public\\\/#organization\"},\"image\":{\"@id\":\"https:\\\/\\\/mvscada.com\\\/public\\\/visita-al-huerto-solar-duenas-con-el-ies-la-merced\\\/#primaryimage\"},\"thumbnailUrl\":\"https:\\\/\\\/mvscada.com\\\/public\\\/wp-content\\\/uploads\\\/2017\\\/02\\\/2017-02-15-15.18.14-1-300x169.jpg\",\"keywords\":[\"2 ejes\",\"alumnos\",\"ciclos\",\"contadores\",\"due\u00f1as\",\"educaci\u00f3n\",\"excursi\u00f3n\",\"formativos\",\"fotovoltaica\",\"hispania\",\"huerto\",\"ies\",\"la merced\",\"megavatio\",\"monitorizaci\u00f3n\",\"mvscada\",\"planta\",\"scada\",\"seguimiento\",\"sermanint\",\"smi\",\"solar\",\"ttr\",\"visita\"],\"articleSection\":[\"blog\"],\"inLanguage\":\"es\"},{\"@type\":\"WebPage\",\"@id\":\"https:\\\/\\\/mvscada.com\\\/public\\\/visita-al-huerto-solar-duenas-con-el-ies-la-merced\\\/\",\"url\":\"https:\\\/\\\/mvscada.com\\\/public\\\/visita-al-huerto-solar-duenas-con-el-ies-la-merced\\\/\",\"name\":\"Visita al huerto solar \\\"Due\u00f1as\\\" con el IES La Merced - MVScada\",\"isPartOf\":{\"@id\":\"https:\\\/\\\/mvscada.com\\\/public\\\/#website\"},\"primaryImageOfPage\":{\"@id\":\"https:\\\/\\\/mvscada.com\\\/public\\\/visita-al-huerto-solar-duenas-con-el-ies-la-merced\\\/#primaryimage\"},\"image\":{\"@id\":\"https:\\\/\\\/mvscada.com\\\/public\\\/visita-al-huerto-solar-duenas-con-el-ies-la-merced\\\/#primaryimage\"},\"thumbnailUrl\":\"https:\\\/\\\/mvscada.com\\\/public\\\/wp-content\\\/uploads\\\/2017\\\/02\\\/2017-02-15-15.18.14-1-300x169.jpg\",\"datePublished\":\"2017-02-18T14:24:40+00:00\",\"dateModified\":\"2017-02-18T14:25:11+00:00\",\"breadcrumb\":{\"@id\":\"https:\\\/\\\/mvscada.com\\\/public\\\/visita-al-huerto-solar-duenas-con-el-ies-la-merced\\\/#breadcrumb\"},\"inLanguage\":\"es\",\"potentialAction\":[{\"@type\":\"ReadAction\",\"target\":[\"https:\\\/\\\/mvscada.com\\\/public\\\/visita-al-huerto-solar-duenas-con-el-ies-la-merced\\\/\"]}]},{\"@type\":\"ImageObject\",\"inLanguage\":\"es\",\"@id\":\"https:\\\/\\\/mvscada.com\\\/public\\\/visita-al-huerto-solar-duenas-con-el-ies-la-merced\\\/#primaryimage\",\"url\":\"https:\\\/\\\/mvscada.com\\\/public\\\/wp-content\\\/uploads\\\/2017\\\/02\\\/2017-02-15-15.18.14-1.jpg\",\"contentUrl\":\"https:\\\/\\\/mvscada.com\\\/public\\\/wp-content\\\/uploads\\\/2017\\\/02\\\/2017-02-15-15.18.14-1.jpg\",\"width\":1552,\"height\":873},{\"@type\":\"BreadcrumbList\",\"@id\":\"https:\\\/\\\/mvscada.com\\\/public\\\/visita-al-huerto-solar-duenas-con-el-ies-la-merced\\\/#breadcrumb\",\"itemListElement\":[{\"@type\":\"ListItem\",\"position\":1,\"name\":\"Portada\",\"item\":\"https:\\\/\\\/mvscada.com\\\/public\\\/\"},{\"@type\":\"ListItem\",\"position\":2,\"name\":\"Visita al huerto solar \u00abDue\u00f1as\u00bb con el IES La Merced\"}]},{\"@type\":\"WebSite\",\"@id\":\"https:\\\/\\\/mvscada.com\\\/public\\\/#website\",\"url\":\"https:\\\/\\\/mvscada.com\\\/public\\\/\",\"name\":\"MVScada\",\"description\":\"Monitorizaci\u00f3n, control y gesti\u00f3n de instalaciones solares fotovoltaicas\",\"publisher\":{\"@id\":\"https:\\\/\\\/mvscada.com\\\/public\\\/#organization\"},\"potentialAction\":[{\"@type\":\"SearchAction\",\"target\":{\"@type\":\"EntryPoint\",\"urlTemplate\":\"https:\\\/\\\/mvscada.com\\\/public\\\/?s={search_term_string}\"},\"query-input\":{\"@type\":\"PropertyValueSpecification\",\"valueRequired\":true,\"valueName\":\"search_term_string\"}}],\"inLanguage\":\"es\"},{\"@type\":\"Organization\",\"@id\":\"https:\\\/\\\/mvscada.com\\\/public\\\/#organization\",\"name\":\"Megavatio Proyectos S.L.\",\"url\":\"https:\\\/\\\/mvscada.com\\\/public\\\/\",\"logo\":{\"@type\":\"ImageObject\",\"inLanguage\":\"es\",\"@id\":\"https:\\\/\\\/mvscada.com\\\/public\\\/#\\\/schema\\\/logo\\\/image\\\/\",\"url\":\"https:\\\/\\\/mvscada.com\\\/public\\\/wp-content\\\/uploads\\\/2021\\\/11\\\/cropped-cropped-Logo_web.png\",\"contentUrl\":\"https:\\\/\\\/mvscada.com\\\/public\\\/wp-content\\\/uploads\\\/2021\\\/11\\\/cropped-cropped-Logo_web.png\",\"width\":3281,\"height\":1064,\"caption\":\"Megavatio Proyectos S.L.\"},\"image\":{\"@id\":\"https:\\\/\\\/mvscada.com\\\/public\\\/#\\\/schema\\\/logo\\\/image\\\/\"}},{\"@type\":\"Person\",\"@id\":\"https:\\\/\\\/mvscada.com\\\/public\\\/#\\\/schema\\\/person\\\/259fc6a027eb2d7c48acce91ddfb0f1e\",\"name\":\"Mario\",\"description\":\"01001000 01100101 01101100 01101100 01101111 00100000 01110111 01101111 01110010 01101100 01100100\",\"url\":\"https:\\\/\\\/mvscada.com\\\/public\\\/author\\\/mario\\\/\"}]}<\/script>\n<!-- \/ Yoast SEO plugin. -->","yoast_head_json":{"title":"Visita al huerto solar \"Due\u00f1as\" con el IES La Merced - MVScada","robots":{"index":"index","follow":"follow","max-snippet":"max-snippet:-1","max-image-preview":"max-image-preview:large","max-video-preview":"max-video-preview:-1"},"canonical":"https:\/\/mvscada.com\/public\/visita-al-huerto-solar-duenas-con-el-ies-la-merced\/","og_locale":"es_ES","og_type":"article","og_title":"Visita al huerto solar \"Due\u00f1as\" con el IES La Merced - MVScada","og_description":"El pasado d\u00eda 15 de Febrero visitaron la instalaci\u00f3n solar fotovoltaica con seguimiento a dos ejes de Due\u00f1as los alumnos de varios ciclos formativos del IES La Merced de Valladolid.","og_url":"https:\/\/mvscada.com\/public\/visita-al-huerto-solar-duenas-con-el-ies-la-merced\/","og_site_name":"MVScada","article_published_time":"2017-02-18T14:24:40+00:00","article_modified_time":"2017-02-18T14:25:11+00:00","og_image":[{"url":"https:\/\/mvscada.com\/public\/wp-content\/uploads\/2017\/02\/2017-02-15-15.18.14-1-300x169.jpg","type":"","width":"","height":""}],"author":"Mario","twitter_card":"summary_large_image","twitter_misc":{"Escrito por":"Mario"},"schema":{"@context":"https:\/\/schema.org","@graph":[{"@type":"Article","@id":"https:\/\/mvscada.com\/public\/visita-al-huerto-solar-duenas-con-el-ies-la-merced\/#article","isPartOf":{"@id":"https:\/\/mvscada.com\/public\/visita-al-huerto-solar-duenas-con-el-ies-la-merced\/"},"author":{"name":"Mario","@id":"https:\/\/mvscada.com\/public\/#\/schema\/person\/259fc6a027eb2d7c48acce91ddfb0f1e"},"headline":"Visita al huerto solar \u00abDue\u00f1as\u00bb con el IES La Merced","datePublished":"2017-02-18T14:24:40+00:00","dateModified":"2017-02-18T14:25:11+00:00","mainEntityOfPage":{"@id":"https:\/\/mvscada.com\/public\/visita-al-huerto-solar-duenas-con-el-ies-la-merced\/"},"wordCount":98,"publisher":{"@id":"https:\/\/mvscada.com\/public\/#organization"},"image":{"@id":"https:\/\/mvscada.com\/public\/visita-al-huerto-solar-duenas-con-el-ies-la-merced\/#primaryimage"},"thumbnailUrl":"https:\/\/mvscada.com\/public\/wp-content\/uploads\/2017\/02\/2017-02-15-15.18.14-1-300x169.jpg","keywords":["2 ejes","alumnos","ciclos","contadores","due\u00f1as","educaci\u00f3n","excursi\u00f3n","formativos","fotovoltaica","hispania","huerto","ies","la merced","megavatio","monitorizaci\u00f3n","mvscada","planta","scada","seguimiento","sermanint","smi","solar","ttr","visita"],"articleSection":["blog"],"inLanguage":"es"},{"@type":"WebPage","@id":"https:\/\/mvscada.com\/public\/visita-al-huerto-solar-duenas-con-el-ies-la-merced\/","url":"https:\/\/mvscada.com\/public\/visita-al-huerto-solar-duenas-con-el-ies-la-merced\/","name":"Visita al huerto solar \"Due\u00f1as\" con el IES La Merced - MVScada","isPartOf":{"@id":"https:\/\/mvscada.com\/public\/#website"},"primaryImageOfPage":{"@id":"https:\/\/mvscada.com\/public\/visita-al-huerto-solar-duenas-con-el-ies-la-merced\/#primaryimage"},"image":{"@id":"https:\/\/mvscada.com\/public\/visita-al-huerto-solar-duenas-con-el-ies-la-merced\/#primaryimage"},"thumbnailUrl":"https:\/\/mvscada.com\/public\/wp-content\/uploads\/2017\/02\/2017-02-15-15.18.14-1-300x169.jpg","datePublished":"2017-02-18T14:24:40+00:00","dateModified":"2017-02-18T14:25:11+00:00","breadcrumb":{"@id":"https:\/\/mvscada.com\/public\/visita-al-huerto-solar-duenas-con-el-ies-la-merced\/#breadcrumb"},"inLanguage":"es","potentialAction":[{"@type":"ReadAction","target":["https:\/\/mvscada.com\/public\/visita-al-huerto-solar-duenas-con-el-ies-la-merced\/"]}]},{"@type":"ImageObject","inLanguage":"es","@id":"https:\/\/mvscada.com\/public\/visita-al-huerto-solar-duenas-con-el-ies-la-merced\/#primaryimage","url":"https:\/\/mvscada.com\/public\/wp-content\/uploads\/2017\/02\/2017-02-15-15.18.14-1.jpg","contentUrl":"https:\/\/mvscada.com\/public\/wp-content\/uploads\/2017\/02\/2017-02-15-15.18.14-1.jpg","width":1552,"height":873},{"@type":"BreadcrumbList","@id":"https:\/\/mvscada.com\/public\/visita-al-huerto-solar-duenas-con-el-ies-la-merced\/#breadcrumb","itemListElement":[{"@type":"ListItem","position":1,"name":"Portada","item":"https:\/\/mvscada.com\/public\/"},{"@type":"ListItem","position":2,"name":"Visita al huerto solar \u00abDue\u00f1as\u00bb con el IES La Merced"}]},{"@type":"WebSite","@id":"https:\/\/mvscada.com\/public\/#website","url":"https:\/\/mvscada.com\/public\/","name":"MVScada","description":"Monitorizaci\u00f3n, control y gesti\u00f3n de instalaciones solares fotovoltaicas","publisher":{"@id":"https:\/\/mvscada.com\/public\/#organization"},"potentialAction":[{"@type":"SearchAction","target":{"@type":"EntryPoint","urlTemplate":"https:\/\/mvscada.com\/public\/?s={search_term_string}"},"query-input":{"@type":"PropertyValueSpecification","valueRequired":true,"valueName":"search_term_string"}}],"inLanguage":"es"},{"@type":"Organization","@id":"https:\/\/mvscada.com\/public\/#organization","name":"Megavatio Proyectos S.L.","url":"https:\/\/mvscada.com\/public\/","logo":{"@type":"ImageObject","inLanguage":"es","@id":"https:\/\/mvscada.com\/public\/#\/schema\/logo\/image\/","url":"https:\/\/mvscada.com\/public\/wp-content\/uploads\/2021\/11\/cropped-cropped-Logo_web.png","contentUrl":"https:\/\/mvscada.com\/public\/wp-content\/uploads\/2021\/11\/cropped-cropped-Logo_web.png","width":3281,"height":1064,"caption":"Megavatio Proyectos S.L."},"image":{"@id":"https:\/\/mvscada.com\/public\/#\/schema\/logo\/image\/"}},{"@type":"Person","@id":"https:\/\/mvscada.com\/public\/#\/schema\/person\/259fc6a027eb2d7c48acce91ddfb0f1e","name":"Mario","description":"01001000 01100101 01101100 01101100 01101111 00100000 01110111 01101111 01110010 01101100 01100100","url":"https:\/\/mvscada.com\/public\/author\/mario\/"}]}},"_links":{"self":[{"href":"https:\/\/mvscada.com\/public\/wp-json\/wp\/v2\/posts\/541","targetHints":{"allow":["GET"]}}],"collection":[{"href":"https:\/\/mvscada.com\/public\/wp-json\/wp\/v2\/posts"}],"about":[{"href":"https:\/\/mvscada.com\/public\/wp-json\/wp\/v2\/types\/post"}],"author":[{"embeddable":true,"href":"https:\/\/mvscada.com\/public\/wp-json\/wp\/v2\/users\/1"}],"replies":[{"embeddable":true,"href":"https:\/\/mvscada.com\/public\/wp-json\/wp\/v2\/comments?post=541"}],"version-history":[{"count":2,"href":"https:\/\/mvscada.com\/public\/wp-json\/wp\/v2\/posts\/541\/revisions"}],"predecessor-version":[{"id":548,"href":"https:\/\/mvscada.com\/public\/wp-json\/wp\/v2\/posts\/541\/revisions\/548"}],"wp:attachment":[{"href":"https:\/\/mvscada.com\/public\/wp-json\/wp\/v2\/media?parent=541"}],"wp:term":[{"taxonomy":"category","embeddable":true,"href":"https:\/\/mvscada.com\/public\/wp-json\/wp\/v2\/categories?post=541"},{"taxonomy":"post_tag","embeddable":true,"href":"https:\/\/mvscada.com\/public\/wp-json\/wp\/v2\/tags?post=541"}],"curies":[{"name":"wp","href":"https:\/\/api.w.org\/{rel}","templated":true}]}}